{"id":6727,"date":"2022-03-10T13:22:26","date_gmt":"2022-03-10T11:22:26","guid":{"rendered":"https:\/\/www.gs-tegernheim.de\/de\/?p=6727"},"modified":"2025-06-03T15:06:48","modified_gmt":"2025-06-03T13:06:48","slug":"ein-herzliches-willkommen-an-der-grundschule-in-tegernheim","status":"publish","type":"post","link":"https:\/\/www.gs-tegernheim.de\/de\/?p=6727","title":{"rendered":"Ein herzliches Willkommen an der Grundschule in Tegernheim"},"content":{"rendered":"\n<p>Auf diesen Seiten m\u00f6chten wir Sie informieren und an den Inhalten unseres Schullebens teilhaben lassen.<\/p>\n\n\n\n<p>Unsere dreiz\u00fcgige Grundschule liegt im Speckg\u00fcrtel der Stadt Regensburg und wird derzeit von 240 Sch\u00fclern in den Jahrgangsstufen 1 bis 4 besucht. Sie schafft durch die Vermittlung von Wissen und der F\u00f6rderung von kindgem\u00e4\u00dfen Interessen die Voraussetzung f\u00fcr jede weitere schulische Bildung.<\/p>\n\n\n\n<p>An unserer Grundschule gehen die Kinder entweder in eine Regelklasse oder in eine gebundene Ganztagsklasse. Die Regelklassenkinder haben die M\u00f6glichkeit, das offene Ganztagsangebot bis 14.00 Uhr zu besuchen. Unterst\u00fctzt werden wir hierbei von der AWO Anderland.<\/p>\n\n\n\n<p>Um alle Kindern f\u00f6rdern und fordern zu k\u00f6nnen, besteht unser multiprofessionelles Team aus 24 Grundschullehrkr\u00e4ften, zwei Jugendsozialarbeiterinnen, einer Erzieherin, einer Sportlehrerin und Pr\u00e4ventions\u00fcbungsleiterin, sowie neun weiteren Betreuungspersonen f\u00fcr den Bereich Ganztag und zus\u00e4tzliche Schulbegleitungen.<\/p>\n\n\n        <div class=\"rmwr-wrapper\" \n             data-id=\"rmwr-69f5832810aa1\"\n             data-mode=\"normal\"\n             data-animation=\"fade\"\n             data-duration=\"300\"\n             data-smooth-scroll=\"true\"\n             data-scroll-offset=\"0\">\n            <button \n                type=\"button\"\n                class=\"read-link\" \n                id=\"readlinkrmwr-69f5832810aa1\"\n                data-open-text=\"Mehr anzeigen\"\n                data-close-text=\"Weniger anzeigen\"\n                aria-expanded=\"false\"\n                aria-controls=\"readrmwr-69f5832810aa1\"\n                aria-label=\"Mehr anzeigen\"\n            >\n                <span class=\"rmwr-text\">Mehr anzeigen<\/span>\n            <\/button>\n            <div \n                class=\"read_div\" \n                id=\"readrmwr-69f5832810aa1\"\n                aria-hidden=\"true\"\n                data-animation=\"fade\"\n                data-duration=\"300\"\n                style=\"display: none;\"\n            >\n                <\/p>\n\n\n\n<p>Wir bieten den Sch\u00fclerinnen und Sch\u00fclern in unserer Schule moderne Unterrichtsformen und (digitale) Medien, um deren individuellen Lernbed\u00fcrfnissen gerecht zu werden.<\/p>\n\n\n\n<p>Zahlreiche Angebote pr\u00e4gen das Bild unserer Schule:<br>Schulb\u00fccherei, sportliche M\u00f6glichkeiten und musikalische Schwerpunkte sind wichtige Teile unseres Angebots. Projektwochen erg\u00e4nzen die Bereiche, auf die wir zus\u00e4tzlich einen Schwerpunkt legen wollen. Zudem gibt es in unserem Haus eine Mensa, die die gesunde Ern\u00e4hrung unserer Kinder unterst\u00fctzt.<\/p>\n\n\n\n<p>An unserer Schule ist uns das soziale Lernen wichtig. So unterst\u00fctzen u.a. Streitschlichter das friedliche Miteinander aller Sch\u00fcler.<\/p>\n\n\n\n<p>Unsere Werteerziehung f\u00f6rdert nicht nur den Teamgedanken, sondern bildet die Grundlage f\u00fcr das Zusammenleben in der Zukunft.<\/p>\n\n\n\n<p>Bereichert wird unser Alltag immer wieder durch die Vielfalt und Ideen der Kinder sowie die Bereitschaft der Eltern, sich im Schulleben aktiv einzubringen. Regelm\u00e4\u00dfige Unterst\u00fctzung erh\u00e4lt die Schule durch den Elternbeirat und den F\u00f6rderverein.<\/p>\n\n\n\n<p>Machen Sie sich selbst ein Bild von unserer Schule, indem Sie durch unsere Homepage bl\u00e4ttern.<br>gez. Karin F\u00f6rster, Rektorin<\/p>\n\n\n<p>            <\/div>\n        <\/div>\n        \n","protected":false},"excerpt":{"rendered":"<p>Auf diesen Seiten m\u00f6chten wir Sie informieren und an den Inhalten unseres Schullebens teilhaben lassen. Unsere dreiz\u00fcgige Grundschule liegt im Speckg\u00fcrtel der Stadt Regensburg und wird derzeit von 240 Sch\u00fclern in den Jahrgangsstufen 1 bis 4 besucht. Sie schafft durch die Vermittlung von Wissen und der F\u00f6rderung von kindgem\u00e4\u00dfen Interessen die Voraussetzung f\u00fcr jede weitere [&hellip;]<\/p>\n","protected":false},"author":8,"featured_media":0,"comment_status":"closed","ping_status":"closed","sticky":false,"template":"","format":"standard","meta":{"_et_pb_use_builder":"off","_et_pb_old_content":"","_et_gb_content_width":"","_custom_body_class":"","_custom_post_class":"","footnotes":""},"categories":[1],"tags":[],"class_list":["post-6727","post","type-post","status-publish","format-standard","hentry","category-allgemein"],"_links":{"self":[{"href":"https:\/\/www.gs-tegernheim.de\/de\/index.php?rest_route=\/wp\/v2\/posts\/6727","targetHints":{"allow":["GET"]}}],"collection":[{"href":"https:\/\/www.gs-tegernheim.de\/de\/index.php?rest_route=\/wp\/v2\/posts"}],"about":[{"href":"https:\/\/www.gs-tegernheim.de\/de\/index.php?rest_route=\/wp\/v2\/types\/post"}],"author":[{"embeddable":true,"href":"https:\/\/www.gs-tegernheim.de\/de\/index.php?rest_route=\/wp\/v2\/users\/8"}],"replies":[{"embeddable":true,"href":"https:\/\/www.gs-tegernheim.de\/de\/index.php?rest_route=%2Fwp%2Fv2%2Fcomments&post=6727"}],"version-history":[{"count":12,"href":"https:\/\/www.gs-tegernheim.de\/de\/index.php?rest_route=\/wp\/v2\/posts\/6727\/revisions"}],"predecessor-version":[{"id":10223,"href":"https:\/\/www.gs-tegernheim.de\/de\/index.php?rest_route=\/wp\/v2\/posts\/6727\/revisions\/10223"}],"wp:attachment":[{"href":"https:\/\/www.gs-tegernheim.de\/de\/index.php?rest_route=%2Fwp%2Fv2%2Fmedia&parent=6727"}],"wp:term":[{"taxonomy":"category","embeddable":true,"href":"https:\/\/www.gs-tegernheim.de\/de\/index.php?rest_route=%2Fwp%2Fv2%2Fcategories&post=6727"},{"taxonomy":"post_tag","embeddable":true,"href":"https:\/\/www.gs-tegernheim.de\/de\/index.php?rest_route=%2Fwp%2Fv2%2Ftags&post=6727"}],"curies":[{"name":"wp","href":"https:\/\/api.w.org\/{rel}","templated":true}]}}